{"id":5402,"date":"2019-03-19T09:10:32","date_gmt":"2019-03-19T08:10:32","guid":{"rendered":"https:\/\/www.afterbefort.com\/?p=5331"},"modified":"2021-09-29T10:25:52","modified_gmt":"2021-09-29T08:25:52","slug":"1er-forum-des-directeurs-des-agences-de-presse-africaines","status":"publish","type":"post","link":"https:\/\/community.swyp.fr\/index.php\/2019\/03\/19\/1er-forum-des-directeurs-des-agences-de-presse-africaines\/","title":{"rendered":"1er Forum des Directeurs des Agences de Presse Africaines"},"content":{"rendered":"<p>Le 18 octobre dernier, la FAAPA organisait \u00e0 Rabat (Maroc) son 1er Forum des Agences de Presse Africaines. After be fort est intervenu en qualit\u00e9 d&#8217;expert sur la num\u00e9risation de la production au sein de la Newsroom.<\/p>\n","protected":false},"excerpt":{"rendered":"<p>Le 18 octobre dernier, la FAAPA organisait \u00e0 Rabat (Maroc) son 1er Forum des Agences de Presse Africaines. After be fort est intervenu en qualit\u00e9 d&#8217;expert sur la num\u00e9risation de la production au sein de la Newsroom.<\/p>\n","protected":false},"author":1,"featured_media":5168,"comment_status":"closed","ping_status":"closed","sticky":false,"template":"","format":"standard","meta":{"om_disable_all_campaigns":false,"_monsterinsights_skip_tracking":false,"_monsterinsights_sitenote_active":false,"_monsterinsights_sitenote_note":"","_monsterinsights_sitenote_category":0,"footnotes":""},"categories":[10],"tags":[],"class_list":["post-5402","post","type-post","status-publish","format-standard","has-post-thumbnail","hentry","category-evenements"],"yoast_head":"<!-- This site is optimized with the Yoast SEO plugin v27.2 - https:\/\/yoast.com\/product\/yoast-seo-wordpress\/ -->\n<title>1er Forum des Directeurs des Agences de Presse Africaines - SWYP<\/title>\n<meta name=\"robots\" content=\"index, follow, max-snippet:-1, max-image-preview:large, max-video-preview:-1\" \/>\n<link rel=\"canonical\" href=\"https:\/\/community.swyp.fr\/index.php\/2019\/03\/19\/1er-forum-des-directeurs-des-agences-de-presse-africaines\/\" \/>\n<meta property=\"og:locale\" content=\"fr_FR\" \/>\n<meta property=\"og:type\" content=\"article\" \/>\n<meta property=\"og:title\" content=\"1er Forum des Directeurs des Agences de Presse Africaines - SWYP\" \/>\n<meta property=\"og:description\" content=\"Le 18 octobre dernier, la FAAPA organisait \u00e0 Rabat (Maroc) son 1er Forum des Agences de Presse Africaines. After be fort est intervenu en qualit\u00e9 d&#8217;expert sur la num\u00e9risation de la production au sein de la Newsroom.\" \/>\n<meta property=\"og:url\" content=\"https:\/\/community.swyp.fr\/index.php\/2019\/03\/19\/1er-forum-des-directeurs-des-agences-de-presse-africaines\/\" \/>\n<meta property=\"og:site_name\" content=\"SWYP\" \/>\n<meta property=\"article:published_time\" content=\"2019-03-19T08:10:32+00:00\" \/>\n<meta property=\"article:modified_time\" content=\"2021-09-29T08:25:52+00:00\" \/>\n<meta property=\"og:image\" content=\"https:\/\/community.swyp.fr\/wp-content\/uploads\/2019\/03\/FAAPA_Rabat-181018.jpeg\" \/>\n\t<meta property=\"og:image:width\" content=\"1023\" \/>\n\t<meta property=\"og:image:height\" content=\"648\" \/>\n\t<meta property=\"og:image:type\" content=\"image\/jpeg\" \/>\n<meta name=\"author\" content=\"RipAdmin92\" \/>\n<meta name=\"twitter:card\" content=\"summary_large_image\" \/>\n<meta name=\"twitter:label1\" content=\"\u00c9crit par\" \/>\n\t<meta name=\"twitter:data1\" content=\"RipAdmin92\" \/>\n<script type=\"application\/ld+json\" class=\"yoast-schema-graph\">{\"@context\":\"https:\/\/schema.org\",\"@graph\":[{\"@type\":\"Article\",\"@id\":\"https:\/\/community.swyp.fr\/index.php\/2019\/03\/19\/1er-forum-des-directeurs-des-agences-de-presse-africaines\/#article\",\"isPartOf\":{\"@id\":\"https:\/\/community.swyp.fr\/index.php\/2019\/03\/19\/1er-forum-des-directeurs-des-agences-de-presse-africaines\/\"},\"author\":{\"name\":\"RipAdmin92\",\"@id\":\"https:\/\/community.swyp.fr\/#\/schema\/person\/27aa200d6c2c33c3777872f31c40e59d\"},\"headline\":\"1er Forum des Directeurs des Agences de Presse Africaines\",\"datePublished\":\"2019-03-19T08:10:32+00:00\",\"dateModified\":\"2021-09-29T08:25:52+00:00\",\"mainEntityOfPage\":{\"@id\":\"https:\/\/community.swyp.fr\/index.php\/2019\/03\/19\/1er-forum-des-directeurs-des-agences-de-presse-africaines\/\"},\"wordCount\":46,\"image\":{\"@id\":\"https:\/\/community.swyp.fr\/index.php\/2019\/03\/19\/1er-forum-des-directeurs-des-agences-de-presse-africaines\/#primaryimage\"},\"thumbnailUrl\":\"https:\/\/community.swyp.fr\/wp-content\/uploads\/2019\/03\/FAAPA_Rabat-181018.jpeg\",\"articleSection\":[\"\u00c9v\u00e8nements\"],\"inLanguage\":\"fr-FR\"},{\"@type\":\"WebPage\",\"@id\":\"https:\/\/community.swyp.fr\/index.php\/2019\/03\/19\/1er-forum-des-directeurs-des-agences-de-presse-africaines\/\",\"url\":\"https:\/\/community.swyp.fr\/index.php\/2019\/03\/19\/1er-forum-des-directeurs-des-agences-de-presse-africaines\/\",\"name\":\"1er Forum des Directeurs des Agences de Presse Africaines - SWYP\",\"isPartOf\":{\"@id\":\"https:\/\/community.swyp.fr\/#website\"},\"primaryImageOfPage\":{\"@id\":\"https:\/\/community.swyp.fr\/index.php\/2019\/03\/19\/1er-forum-des-directeurs-des-agences-de-presse-africaines\/#primaryimage\"},\"image\":{\"@id\":\"https:\/\/community.swyp.fr\/index.php\/2019\/03\/19\/1er-forum-des-directeurs-des-agences-de-presse-africaines\/#primaryimage\"},\"thumbnailUrl\":\"https:\/\/community.swyp.fr\/wp-content\/uploads\/2019\/03\/FAAPA_Rabat-181018.jpeg\",\"datePublished\":\"2019-03-19T08:10:32+00:00\",\"dateModified\":\"2021-09-29T08:25:52+00:00\",\"author\":{\"@id\":\"https:\/\/community.swyp.fr\/#\/schema\/person\/27aa200d6c2c33c3777872f31c40e59d\"},\"breadcrumb\":{\"@id\":\"https:\/\/community.swyp.fr\/index.php\/2019\/03\/19\/1er-forum-des-directeurs-des-agences-de-presse-africaines\/#breadcrumb\"},\"inLanguage\":\"fr-FR\",\"potentialAction\":[{\"@type\":\"ReadAction\",\"target\":[\"https:\/\/community.swyp.fr\/index.php\/2019\/03\/19\/1er-forum-des-directeurs-des-agences-de-presse-africaines\/\"]}]},{\"@type\":\"ImageObject\",\"inLanguage\":\"fr-FR\",\"@id\":\"https:\/\/community.swyp.fr\/index.php\/2019\/03\/19\/1er-forum-des-directeurs-des-agences-de-presse-africaines\/#primaryimage\",\"url\":\"https:\/\/community.swyp.fr\/wp-content\/uploads\/2019\/03\/FAAPA_Rabat-181018.jpeg\",\"contentUrl\":\"https:\/\/community.swyp.fr\/wp-content\/uploads\/2019\/03\/FAAPA_Rabat-181018.jpeg\",\"width\":1023,\"height\":648},{\"@type\":\"BreadcrumbList\",\"@id\":\"https:\/\/community.swyp.fr\/index.php\/2019\/03\/19\/1er-forum-des-directeurs-des-agences-de-presse-africaines\/#breadcrumb\",\"itemListElement\":[{\"@type\":\"ListItem\",\"position\":1,\"name\":\"Accueil\",\"item\":\"https:\/\/community.swyp.fr\/\"},{\"@type\":\"ListItem\",\"position\":2,\"name\":\"1er Forum des Directeurs des Agences de Presse Africaines\"}]},{\"@type\":\"WebSite\",\"@id\":\"https:\/\/community.swyp.fr\/#website\",\"url\":\"https:\/\/community.swyp.fr\/\",\"name\":\"SWYP\",\"description\":\"Leader fran\u00e7ais du syst\u00e8me \u00e9ditorial multi-canal en mode SAAS\",\"potentialAction\":[{\"@type\":\"SearchAction\",\"target\":{\"@type\":\"EntryPoint\",\"urlTemplate\":\"https:\/\/community.swyp.fr\/?s={search_term_string}\"},\"query-input\":{\"@type\":\"PropertyValueSpecification\",\"valueRequired\":true,\"valueName\":\"search_term_string\"}}],\"inLanguage\":\"fr-FR\"},{\"@type\":\"Person\",\"@id\":\"https:\/\/community.swyp.fr\/#\/schema\/person\/27aa200d6c2c33c3777872f31c40e59d\",\"name\":\"RipAdmin92\",\"image\":{\"@type\":\"ImageObject\",\"inLanguage\":\"fr-FR\",\"@id\":\"https:\/\/secure.gravatar.com\/avatar\/4d4afd9dbc1bf83a80a61a4a1badc5313b6abd6f9178881b22891678b80b25dd?s=96&d=mm&r=g\",\"url\":\"https:\/\/secure.gravatar.com\/avatar\/4d4afd9dbc1bf83a80a61a4a1badc5313b6abd6f9178881b22891678b80b25dd?s=96&d=mm&r=g\",\"contentUrl\":\"https:\/\/secure.gravatar.com\/avatar\/4d4afd9dbc1bf83a80a61a4a1badc5313b6abd6f9178881b22891678b80b25dd?s=96&d=mm&r=g\",\"caption\":\"RipAdmin92\"},\"sameAs\":[\"http:\/\/www.swyp-community.com\"],\"url\":\"https:\/\/community.swyp.fr\/index.php\/author\/ripadmin92\/\"}]}<\/script>\n<!-- \/ Yoast SEO plugin. -->","yoast_head_json":{"title":"1er Forum des Directeurs des Agences de Presse Africaines - SWYP","robots":{"index":"index","follow":"follow","max-snippet":"max-snippet:-1","max-image-preview":"max-image-preview:large","max-video-preview":"max-video-preview:-1"},"canonical":"https:\/\/community.swyp.fr\/index.php\/2019\/03\/19\/1er-forum-des-directeurs-des-agences-de-presse-africaines\/","og_locale":"fr_FR","og_type":"article","og_title":"1er Forum des Directeurs des Agences de Presse Africaines - SWYP","og_description":"Le 18 octobre dernier, la FAAPA organisait \u00e0 Rabat (Maroc) son 1er Forum des Agences de Presse Africaines. After be fort est intervenu en qualit\u00e9 d&#8217;expert sur la num\u00e9risation de la production au sein de la Newsroom.","og_url":"https:\/\/community.swyp.fr\/index.php\/2019\/03\/19\/1er-forum-des-directeurs-des-agences-de-presse-africaines\/","og_site_name":"SWYP","article_published_time":"2019-03-19T08:10:32+00:00","article_modified_time":"2021-09-29T08:25:52+00:00","og_image":[{"width":1023,"height":648,"url":"https:\/\/community.swyp.fr\/wp-content\/uploads\/2019\/03\/FAAPA_Rabat-181018.jpeg","type":"image\/jpeg"}],"author":"RipAdmin92","twitter_card":"summary_large_image","twitter_misc":{"\u00c9crit par":"RipAdmin92"},"schema":{"@context":"https:\/\/schema.org","@graph":[{"@type":"Article","@id":"https:\/\/community.swyp.fr\/index.php\/2019\/03\/19\/1er-forum-des-directeurs-des-agences-de-presse-africaines\/#article","isPartOf":{"@id":"https:\/\/community.swyp.fr\/index.php\/2019\/03\/19\/1er-forum-des-directeurs-des-agences-de-presse-africaines\/"},"author":{"name":"RipAdmin92","@id":"https:\/\/community.swyp.fr\/#\/schema\/person\/27aa200d6c2c33c3777872f31c40e59d"},"headline":"1er Forum des Directeurs des Agences de Presse Africaines","datePublished":"2019-03-19T08:10:32+00:00","dateModified":"2021-09-29T08:25:52+00:00","mainEntityOfPage":{"@id":"https:\/\/community.swyp.fr\/index.php\/2019\/03\/19\/1er-forum-des-directeurs-des-agences-de-presse-africaines\/"},"wordCount":46,"image":{"@id":"https:\/\/community.swyp.fr\/index.php\/2019\/03\/19\/1er-forum-des-directeurs-des-agences-de-presse-africaines\/#primaryimage"},"thumbnailUrl":"https:\/\/community.swyp.fr\/wp-content\/uploads\/2019\/03\/FAAPA_Rabat-181018.jpeg","articleSection":["\u00c9v\u00e8nements"],"inLanguage":"fr-FR"},{"@type":"WebPage","@id":"https:\/\/community.swyp.fr\/index.php\/2019\/03\/19\/1er-forum-des-directeurs-des-agences-de-presse-africaines\/","url":"https:\/\/community.swyp.fr\/index.php\/2019\/03\/19\/1er-forum-des-directeurs-des-agences-de-presse-africaines\/","name":"1er Forum des Directeurs des Agences de Presse Africaines - SWYP","isPartOf":{"@id":"https:\/\/community.swyp.fr\/#website"},"primaryImageOfPage":{"@id":"https:\/\/community.swyp.fr\/index.php\/2019\/03\/19\/1er-forum-des-directeurs-des-agences-de-presse-africaines\/#primaryimage"},"image":{"@id":"https:\/\/community.swyp.fr\/index.php\/2019\/03\/19\/1er-forum-des-directeurs-des-agences-de-presse-africaines\/#primaryimage"},"thumbnailUrl":"https:\/\/community.swyp.fr\/wp-content\/uploads\/2019\/03\/FAAPA_Rabat-181018.jpeg","datePublished":"2019-03-19T08:10:32+00:00","dateModified":"2021-09-29T08:25:52+00:00","author":{"@id":"https:\/\/community.swyp.fr\/#\/schema\/person\/27aa200d6c2c33c3777872f31c40e59d"},"breadcrumb":{"@id":"https:\/\/community.swyp.fr\/index.php\/2019\/03\/19\/1er-forum-des-directeurs-des-agences-de-presse-africaines\/#breadcrumb"},"inLanguage":"fr-FR","potentialAction":[{"@type":"ReadAction","target":["https:\/\/community.swyp.fr\/index.php\/2019\/03\/19\/1er-forum-des-directeurs-des-agences-de-presse-africaines\/"]}]},{"@type":"ImageObject","inLanguage":"fr-FR","@id":"https:\/\/community.swyp.fr\/index.php\/2019\/03\/19\/1er-forum-des-directeurs-des-agences-de-presse-africaines\/#primaryimage","url":"https:\/\/community.swyp.fr\/wp-content\/uploads\/2019\/03\/FAAPA_Rabat-181018.jpeg","contentUrl":"https:\/\/community.swyp.fr\/wp-content\/uploads\/2019\/03\/FAAPA_Rabat-181018.jpeg","width":1023,"height":648},{"@type":"BreadcrumbList","@id":"https:\/\/community.swyp.fr\/index.php\/2019\/03\/19\/1er-forum-des-directeurs-des-agences-de-presse-africaines\/#breadcrumb","itemListElement":[{"@type":"ListItem","position":1,"name":"Accueil","item":"https:\/\/community.swyp.fr\/"},{"@type":"ListItem","position":2,"name":"1er Forum des Directeurs des Agences de Presse Africaines"}]},{"@type":"WebSite","@id":"https:\/\/community.swyp.fr\/#website","url":"https:\/\/community.swyp.fr\/","name":"SWYP","description":"Leader fran\u00e7ais du syst\u00e8me \u00e9ditorial multi-canal en mode SAAS","potentialAction":[{"@type":"SearchAction","target":{"@type":"EntryPoint","urlTemplate":"https:\/\/community.swyp.fr\/?s={search_term_string}"},"query-input":{"@type":"PropertyValueSpecification","valueRequired":true,"valueName":"search_term_string"}}],"inLanguage":"fr-FR"},{"@type":"Person","@id":"https:\/\/community.swyp.fr\/#\/schema\/person\/27aa200d6c2c33c3777872f31c40e59d","name":"RipAdmin92","image":{"@type":"ImageObject","inLanguage":"fr-FR","@id":"https:\/\/secure.gravatar.com\/avatar\/4d4afd9dbc1bf83a80a61a4a1badc5313b6abd6f9178881b22891678b80b25dd?s=96&d=mm&r=g","url":"https:\/\/secure.gravatar.com\/avatar\/4d4afd9dbc1bf83a80a61a4a1badc5313b6abd6f9178881b22891678b80b25dd?s=96&d=mm&r=g","contentUrl":"https:\/\/secure.gravatar.com\/avatar\/4d4afd9dbc1bf83a80a61a4a1badc5313b6abd6f9178881b22891678b80b25dd?s=96&d=mm&r=g","caption":"RipAdmin92"},"sameAs":["http:\/\/www.swyp-community.com"],"url":"https:\/\/community.swyp.fr\/index.php\/author\/ripadmin92\/"}]}},"_links":{"self":[{"href":"https:\/\/community.swyp.fr\/index.php\/wp-json\/wp\/v2\/posts\/5402","targetHints":{"allow":["GET"]}}],"collection":[{"href":"https:\/\/community.swyp.fr\/index.php\/wp-json\/wp\/v2\/posts"}],"about":[{"href":"https:\/\/community.swyp.fr\/index.php\/wp-json\/wp\/v2\/types\/post"}],"author":[{"embeddable":true,"href":"https:\/\/community.swyp.fr\/index.php\/wp-json\/wp\/v2\/users\/1"}],"replies":[{"embeddable":true,"href":"https:\/\/community.swyp.fr\/index.php\/wp-json\/wp\/v2\/comments?post=5402"}],"version-history":[{"count":1,"href":"https:\/\/community.swyp.fr\/index.php\/wp-json\/wp\/v2\/posts\/5402\/revisions"}],"predecessor-version":[{"id":5406,"href":"https:\/\/community.swyp.fr\/index.php\/wp-json\/wp\/v2\/posts\/5402\/revisions\/5406"}],"wp:featuredmedia":[{"embeddable":true,"href":"https:\/\/community.swyp.fr\/index.php\/wp-json\/wp\/v2\/media\/5168"}],"wp:attachment":[{"href":"https:\/\/community.swyp.fr\/index.php\/wp-json\/wp\/v2\/media?parent=5402"}],"wp:term":[{"taxonomy":"category","embeddable":true,"href":"https:\/\/community.swyp.fr\/index.php\/wp-json\/wp\/v2\/categories?post=5402"},{"taxonomy":"post_tag","embeddable":true,"href":"https:\/\/community.swyp.fr\/index.php\/wp-json\/wp\/v2\/tags?post=5402"}],"curies":[{"name":"wp","href":"https:\/\/api.w.org\/{rel}","templated":true}]}}